{"id":13516,"date":"2025-03-06T16:14:48","date_gmt":"2025-03-06T15:14:48","guid":{"rendered":"https:\/\/taolis.com\/discover-september-fair-murcia-tradition-culture-fun\/"},"modified":"2025-10-30T11:23:30","modified_gmt":"2025-10-30T10:23:30","slug":"feria-de-septiembre-en-murcia","status":"publish","type":"post","link":"https:\/\/taolis.com\/es\/feria-de-septiembre-en-murcia\/","title":{"rendered":"Feria de septiembre en Murcia: tradici\u00f3n, cultura y diversi\u00f3n"},"content":{"rendered":"<p><a href=\"https:\/\/taolis.com\/es\/murcia-new-altaona\/\"><strong>Murcia<\/strong><\/a> es una ciudad vibrante y llena de vida durante todo el a\u00f1o, pero en septiembre, con la llegada de la <strong>Feria de septiembre de Murcia<\/strong>, el ambiente alcanza su punto m\u00e1s alto. Este evento, que se celebra del 5 al 17 de septiembre, combina de forma \u00fanica <strong>tradici\u00f3n e historia con entretenimiento sin l\u00edmites<\/strong>.<br \/>\nTanto si te apasiona la historia, disfrutas de la buena gastronom\u00eda o simplemente buscas diversi\u00f3n, la Feria de septiembre tiene algo especial para ti. Sigue leyendo y descubre por qu\u00e9 esta celebraci\u00f3n es inolvidable y merece estar en tu calendario.<\/p>\n<p>Seg\u00fan el <a href=\"https:\/\/www.spain.info\/es\/\" target=\"_blank\" rel=\"nofollow noopener\">portal oficial de turismo de Espa\u00f1a<\/a>, la Feria de septiembre de Murcia es una de las m\u00e1s antiguas y coloridas del pa\u00eds.<\/p>\n<h2>\u00bfQu\u00e9 es la Feria de septiembre de Murcia?<\/h2>\n<p>La Feria de septiembre es uno de los eventos m\u00e1s importantes de <strong>Murcia y la Regi\u00f3n de Murcia<\/strong>. Durante estos d\u00edas, la ciudad se llena de color, m\u00fasica y alegr\u00eda con una mezcla de <strong>actividades culturales, fiestas tradicionales y eventos gastron\u00f3micos<\/strong>.<br \/>\nCon or\u00edgenes que se remontan al siglo XIII, esta feria forma parte esencial de la identidad murciana. Es una ocasi\u00f3n perfecta para que murcianos y visitantes disfruten de las tradiciones locales con un toque moderno.<br \/>\nConoce m\u00e1s en la <a href=\"https:\/\/www.murciaturistica.es\/es\/\" target=\"_blank\" rel=\"nofollow noopener\">web de turismo de Murcia<\/a> y descubre otros eventos culturales destacados de la regi\u00f3n.<\/p>\n<h2>\u00bfQu\u00e9 puedes esperar en la Feria?<\/h2>\n<ol>\n<li>\n<h3><strong>La Fica: diversi\u00f3n sin fin para todas las edades<\/strong><\/h3>\n<\/li>\n<\/ol>\n<p>En el recinto ferial de <strong>La Fica<\/strong>, la Feria cobra vida con una amplia variedad de <strong>atracciones, juegos y espect\u00e1culos<\/strong> para toda la familia. Desde monta\u00f1as rusas y norias hasta zonas gastron\u00f3micas y de descanso, hay opciones para todos los gustos.<\/p>\n<p><img decoding=\"async\" class=\"alignnone size-full wp-image-13239\" src=\"https:\/\/taolis.com\/wp-content\/uploads\/2025\/03\/feria-murcia.webp\" alt=\"Atracciones en la Feria de septiembre en Murcia en el recinto de La Fica\" width=\"450\" height=\"300\" srcset=\"https:\/\/taolis.com\/wp-content\/uploads\/2025\/03\/feria-murcia.webp 450w, https:\/\/taolis.com\/wp-content\/uploads\/2025\/03\/feria-murcia-300x200.webp 300w\" sizes=\"(max-width: 450px) 100vw, 450px\" \/><\/p>\n<ol start=\"2\">\n<li>\n<h3><strong>Fiestas de Moros y Cristianos: historia viva en las calles<\/strong><\/h3>\n<\/li>\n<\/ol>\n<p>Este espectacular evento <strong>recrea episodios hist\u00f3ricos<\/strong> que marcaron la historia de Murcia. Durante varios d\u00edas, las calles se transforman en un escenario lleno de color y emoci\u00f3n, donde desfilan comparsas y bandas que conmemoran la Reconquista con m\u00fasica, trajes y desfiles \u00fanicos.<\/p>\n<p><img decoding=\"async\" class=\"alignnone size-full wp-image-13242\" src=\"https:\/\/taolis.com\/wp-content\/uploads\/2025\/03\/36.webp\" alt=\"Desfile de Moros y Cristianos durante la Feria de septiembre en Murcia\" width=\"450\" height=\"300\" srcset=\"https:\/\/taolis.com\/wp-content\/uploads\/2025\/03\/36.webp 450w, https:\/\/taolis.com\/wp-content\/uploads\/2025\/03\/36-300x200.webp 300w\" sizes=\"(max-width: 450px) 100vw, 450px\" \/><\/p>\n<ol start=\"3\">\n<li>\n<h3><strong>Los Huertos del Malec\u00f3n: tradici\u00f3n y sabor murciano<\/strong><\/h3>\n<\/li>\n<\/ol>\n<p>Ubicado en el <strong>Jard\u00edn del Malec\u00f3n<\/strong>, este espacio es el coraz\u00f3n gastron\u00f3mico de la feria. Aqu\u00ed se pueden degustar platos t\u00edpicos murcianos, productos locales y participar en actividades culturales.<br \/>\nAl caer la noche, Los Huertos se llenan de luz, m\u00fasica y ambiente festivo, convirti\u00e9ndose en el lugar ideal para disfrutar del esp\u00edritu murciano.<\/p>\n<p><img decoding=\"async\" class=\"alignnone size-full wp-image-13249\" src=\"https:\/\/taolis.com\/wp-content\/uploads\/2025\/03\/37.webp\" alt=\"Comida t\u00edpica murciana en Los Huertos del Malec\u00f3n durante la Feria de septiembre\" width=\"450\" height=\"300\" srcset=\"https:\/\/taolis.com\/wp-content\/uploads\/2025\/03\/37.webp 450w, https:\/\/taolis.com\/wp-content\/uploads\/2025\/03\/37-300x200.webp 300w\" sizes=\"(max-width: 450px) 100vw, 450px\" \/><\/p>\n<ol start=\"4\">\n<li>\n<h3><strong>La Romer\u00eda: una tradici\u00f3n llena de devoci\u00f3n<\/strong><\/h3>\n<\/li>\n<\/ol>\n<p>El 17 de septiembre se celebra la <a href=\"https:\/\/www.regmurcia.com\/servlet\/s.Sl?sit=a,87,c,369,m,1218&amp;r=ReP-8081-DETALLE_REPORTAJESPADRE\">Romer\u00eda de la Fuensanta<\/a>, una emotiva peregrinaci\u00f3n que parte desde la Catedral de Murcia hasta el Santuario de la Fuensanta.<br \/>\nMiles de murcianos acompa\u00f1an a la patrona en un recorrido lleno de fe, m\u00fasica y emoci\u00f3n que refleja el alma de la ciudad.<\/p>\n<p><img decoding=\"async\" class=\"alignnone size-full wp-image-13253\" src=\"https:\/\/taolis.com\/wp-content\/uploads\/2025\/03\/38.webp\" alt=\"Romer\u00eda de la Fuensanta en la Feria de septiembre de Murcia\" width=\"450\" height=\"300\" srcset=\"https:\/\/taolis.com\/wp-content\/uploads\/2025\/03\/38.webp 450w, https:\/\/taolis.com\/wp-content\/uploads\/2025\/03\/38-300x200.webp 300w\" sizes=\"(max-width: 450px) 100vw, 450px\" \/><\/p>\n<ol start=\"5\">\n<li>\n<h3><strong>Otras actividades: m\u00e1s all\u00e1 de los eventos principales<\/strong><\/h3>\n<\/li>\n<\/ol>\n<p>La Feria de septiembre ofrece adem\u00e1s numerosas actividades paralelas para disfrutar en familia o con amigos:<\/p>\n<ul>\n<li><strong>Food trucks<\/strong>: una selecci\u00f3n de comida callejera moderna en el Jard\u00edn Chino.<\/li>\n<li><strong>Noria panor\u00e1mica<\/strong>: disfruta de las mejores vistas de Murcia y sus alrededores.<\/li>\n<li><strong>Paseos en barco<\/strong>: rel\u00e1jate en el r\u00edo Segura con una experiencia diferente.<\/li>\n<li><strong>Arte y teatro<\/strong>: exposiciones, conciertos y espect\u00e1culos para todos los p\u00fablicos.<\/li>\n<li><strong>Fuegos artificiales<\/strong>: la Feria comienza y termina con impresionantes castillos de fuegos que iluminan el cielo murciano.<\/li>\n<\/ul>\n<p><img decoding=\"async\" class=\"alignnone wp-image-13256 size-full\" src=\"https:\/\/taolis.com\/wp-content\/uploads\/2025\/03\/39.webp\" alt=\"Actividades culturales y de ocio durante la Feria de septiembre en Murcia\" width=\"450\" height=\"300\" srcset=\"https:\/\/taolis.com\/wp-content\/uploads\/2025\/03\/39.webp 450w, https:\/\/taolis.com\/wp-content\/uploads\/2025\/03\/39-300x200.webp 300w\" sizes=\"(max-width: 450px) 100vw, 450px\" \/><\/p>\n<p>La <strong>Feria de septiembre en Murcia<\/strong> es una de las joyas que destacan la <strong>riqueza cultural y el ambiente festivo<\/strong> de la ciudad.<br \/>\nM\u00e1s all\u00e1 de la diversi\u00f3n, representa el esp\u00edritu alegre, acogedor y lleno de vida que define a Murcia y a su gente.<\/p>\n<p>Si a\u00fan no has vivido esta experiencia, la Feria de septiembre es la oportunidad perfecta para descubrir todo lo que hace de <strong>Murcia un lugar \u00fanico para disfrutar y vivir<\/strong>.<\/p>\n","protected":false},"excerpt":{"rendered":"<p>Murcia es una ciudad vibrante y llena de vida durante todo el a\u00f1o, pero en septiembre, con la llegada de&#8230;<\/p>\n","protected":false},"author":3,"featured_media":4269,"comment_status":"closed","ping_status":"closed","sticky":false,"template":"","format":"standard","meta":{"_acf_changed":false,"footnotes":""},"categories":[98,44,10],"tags":[],"class_list":["post-13516","post","type-post","status-publish","format-standard","has-post-thumbnail","hentry","category-estilo-de-vida","category-murcia","category-sin-categoria"],"acf":[],"yoast_head":"<!-- This site is optimized with the Yoast SEO plugin v27.5 - https:\/\/yoast.com\/product\/yoast-seo-wordpress\/ -->\n<title>Feria de septiembre en Murcia: tradici\u00f3n, cultura y diversi\u00f3n<\/title>\n<meta name=\"description\" content=\"Descubre la Feria de septiembre en Murcia: tradici\u00f3n, cultura, gastronom\u00eda y diversi\u00f3n. Vive uno de los eventos lleno de historia, m\u00fasica y sabor.\" \/>\n<meta name=\"robots\" content=\"index, follow, max-snippet:-1, max-image-preview:large, max-video-preview:-1\" \/>\n<link rel=\"canonical\" href=\"https:\/\/taolis.com\/es\/feria-de-septiembre-en-murcia\/\" \/>\n<meta property=\"og:locale\" content=\"es_ES\" \/>\n<meta property=\"og:type\" content=\"article\" \/>\n<meta property=\"og:title\" content=\"Feria de septiembre en Murcia: tradici\u00f3n, cultura y diversi\u00f3n\" \/>\n<meta property=\"og:description\" content=\"Descubre la Feria de septiembre en Murcia: tradici\u00f3n, cultura, gastronom\u00eda y diversi\u00f3n. Vive uno de los eventos lleno de historia, m\u00fasica y sabor.\" \/>\n<meta property=\"og:url\" content=\"https:\/\/taolis.com\/es\/feria-de-septiembre-en-murcia\/\" \/>\n<meta property=\"og:site_name\" content=\"Altaona Resort. The Art of Living in Spain\" \/>\n<meta property=\"article:published_time\" content=\"2025-03-06T15:14:48+00:00\" \/>\n<meta property=\"article:modified_time\" content=\"2025-10-30T10:23:30+00:00\" \/>\n<meta property=\"og:image\" content=\"https:\/\/taolis.com\/wp-content\/uploads\/2025\/03\/n12.webp\" \/>\n\t<meta property=\"og:image:width\" content=\"1200\" \/>\n\t<meta property=\"og:image:height\" content=\"840\" \/>\n\t<meta property=\"og:image:type\" content=\"image\/webp\" \/>\n<meta name=\"author\" content=\"Juli\u00e1n\" \/>\n<meta name=\"twitter:card\" content=\"summary_large_image\" \/>\n<meta name=\"twitter:label1\" content=\"Redactado por\" \/>\n\t<meta name=\"twitter:data1\" content=\"Juli\u00e1n\" \/>\n\t<meta name=\"twitter:label2\" content=\"Tiempo de lectura\" \/>\n\t<meta name=\"twitter:data2\" content=\"4 minuto\" \/>\n<script type=\"application\/ld+json\" class=\"yoast-schema-graph\">{\"@context\":\"https:\\\/\\\/schema.org\",\"@graph\":[{\"@type\":\"Article\",\"@id\":\"https:\\\/\\\/taolis.com\\\/es\\\/feria-de-septiembre-en-murcia\\\/#article\",\"isPartOf\":{\"@id\":\"https:\\\/\\\/taolis.com\\\/es\\\/feria-de-septiembre-en-murcia\\\/\"},\"author\":{\"name\":\"Juli\u00e1n\",\"@id\":\"https:\\\/\\\/taolis.com\\\/es\\\/#\\\/schema\\\/person\\\/76d5c1515bb68c9afb40f7193dcbb436\"},\"headline\":\"Feria de septiembre en Murcia: tradici\u00f3n, cultura y diversi\u00f3n\",\"datePublished\":\"2025-03-06T15:14:48+00:00\",\"dateModified\":\"2025-10-30T10:23:30+00:00\",\"mainEntityOfPage\":{\"@id\":\"https:\\\/\\\/taolis.com\\\/es\\\/feria-de-septiembre-en-murcia\\\/\"},\"wordCount\":678,\"image\":{\"@id\":\"https:\\\/\\\/taolis.com\\\/es\\\/feria-de-septiembre-en-murcia\\\/#primaryimage\"},\"thumbnailUrl\":\"https:\\\/\\\/taolis.com\\\/wp-content\\\/uploads\\\/2025\\\/03\\\/n12.webp\",\"articleSection\":[\"Estilo de vida\",\"Murcia\"],\"inLanguage\":\"es\"},{\"@type\":\"WebPage\",\"@id\":\"https:\\\/\\\/taolis.com\\\/es\\\/feria-de-septiembre-en-murcia\\\/\",\"url\":\"https:\\\/\\\/taolis.com\\\/es\\\/feria-de-septiembre-en-murcia\\\/\",\"name\":\"Feria de septiembre en Murcia: tradici\u00f3n, cultura y diversi\u00f3n\",\"isPartOf\":{\"@id\":\"https:\\\/\\\/taolis.com\\\/es\\\/#website\"},\"primaryImageOfPage\":{\"@id\":\"https:\\\/\\\/taolis.com\\\/es\\\/feria-de-septiembre-en-murcia\\\/#primaryimage\"},\"image\":{\"@id\":\"https:\\\/\\\/taolis.com\\\/es\\\/feria-de-septiembre-en-murcia\\\/#primaryimage\"},\"thumbnailUrl\":\"https:\\\/\\\/taolis.com\\\/wp-content\\\/uploads\\\/2025\\\/03\\\/n12.webp\",\"datePublished\":\"2025-03-06T15:14:48+00:00\",\"dateModified\":\"2025-10-30T10:23:30+00:00\",\"author\":{\"@id\":\"https:\\\/\\\/taolis.com\\\/es\\\/#\\\/schema\\\/person\\\/76d5c1515bb68c9afb40f7193dcbb436\"},\"description\":\"Descubre la Feria de septiembre en Murcia: tradici\u00f3n, cultura, gastronom\u00eda y diversi\u00f3n. Vive uno de los eventos lleno de historia, m\u00fasica y sabor.\",\"breadcrumb\":{\"@id\":\"https:\\\/\\\/taolis.com\\\/es\\\/feria-de-septiembre-en-murcia\\\/#breadcrumb\"},\"inLanguage\":\"es\",\"potentialAction\":[{\"@type\":\"ReadAction\",\"target\":[\"https:\\\/\\\/taolis.com\\\/es\\\/feria-de-septiembre-en-murcia\\\/\"]}]},{\"@type\":\"ImageObject\",\"inLanguage\":\"es\",\"@id\":\"https:\\\/\\\/taolis.com\\\/es\\\/feria-de-septiembre-en-murcia\\\/#primaryimage\",\"url\":\"https:\\\/\\\/taolis.com\\\/wp-content\\\/uploads\\\/2025\\\/03\\\/n12.webp\",\"contentUrl\":\"https:\\\/\\\/taolis.com\\\/wp-content\\\/uploads\\\/2025\\\/03\\\/n12.webp\",\"width\":1200,\"height\":840},{\"@type\":\"BreadcrumbList\",\"@id\":\"https:\\\/\\\/taolis.com\\\/es\\\/feria-de-septiembre-en-murcia\\\/#breadcrumb\",\"itemListElement\":[{\"@type\":\"ListItem\",\"position\":1,\"name\":\"Home\",\"item\":\"https:\\\/\\\/taolis.com\\\/es\\\/\"},{\"@type\":\"ListItem\",\"position\":2,\"name\":\"Feria de septiembre en Murcia: tradici\u00f3n, cultura y diversi\u00f3n\"}]},{\"@type\":\"WebSite\",\"@id\":\"https:\\\/\\\/taolis.com\\\/es\\\/#website\",\"url\":\"https:\\\/\\\/taolis.com\\\/es\\\/\",\"name\":\"Altaona Resort. The Art of Living in Spain\",\"description\":\"Altaona Sports &amp; Wellness Resort. Villas y otras propiedades de obra nueva en Murcia.\",\"potentialAction\":[{\"@type\":\"SearchAction\",\"target\":{\"@type\":\"EntryPoint\",\"urlTemplate\":\"https:\\\/\\\/taolis.com\\\/es\\\/?s={search_term_string}\"},\"query-input\":{\"@type\":\"PropertyValueSpecification\",\"valueRequired\":true,\"valueName\":\"search_term_string\"}}],\"inLanguage\":\"es\"},{\"@type\":\"Person\",\"@id\":\"https:\\\/\\\/taolis.com\\\/es\\\/#\\\/schema\\\/person\\\/76d5c1515bb68c9afb40f7193dcbb436\",\"name\":\"Juli\u00e1n\",\"sameAs\":[\"https:\\\/\\\/www.linkedin.com\\\/in\\\/julian-martinez-perez-7636841a\\\/\"],\"url\":\"https:\\\/\\\/taolis.com\\\/es\\\/author\\\/julian\\\/\"}]}<\/script>\n<!-- \/ Yoast SEO plugin. -->","yoast_head_json":{"title":"Feria de septiembre en Murcia: tradici\u00f3n, cultura y diversi\u00f3n","description":"Descubre la Feria de septiembre en Murcia: tradici\u00f3n, cultura, gastronom\u00eda y diversi\u00f3n. Vive uno de los eventos lleno de historia, m\u00fasica y sabor.","robots":{"index":"index","follow":"follow","max-snippet":"max-snippet:-1","max-image-preview":"max-image-preview:large","max-video-preview":"max-video-preview:-1"},"canonical":"https:\/\/taolis.com\/es\/feria-de-septiembre-en-murcia\/","og_locale":"es_ES","og_type":"article","og_title":"Feria de septiembre en Murcia: tradici\u00f3n, cultura y diversi\u00f3n","og_description":"Descubre la Feria de septiembre en Murcia: tradici\u00f3n, cultura, gastronom\u00eda y diversi\u00f3n. Vive uno de los eventos lleno de historia, m\u00fasica y sabor.","og_url":"https:\/\/taolis.com\/es\/feria-de-septiembre-en-murcia\/","og_site_name":"Altaona Resort. The Art of Living in Spain","article_published_time":"2025-03-06T15:14:48+00:00","article_modified_time":"2025-10-30T10:23:30+00:00","og_image":[{"width":1200,"height":840,"url":"https:\/\/taolis.com\/wp-content\/uploads\/2025\/03\/n12.webp","type":"image\/webp"}],"author":"Juli\u00e1n","twitter_card":"summary_large_image","twitter_misc":{"Redactado por":"Juli\u00e1n","Tiempo de lectura":"4 minuto"},"schema":{"@context":"https:\/\/schema.org","@graph":[{"@type":"Article","@id":"https:\/\/taolis.com\/es\/feria-de-septiembre-en-murcia\/#article","isPartOf":{"@id":"https:\/\/taolis.com\/es\/feria-de-septiembre-en-murcia\/"},"author":{"name":"Juli\u00e1n","@id":"https:\/\/taolis.com\/es\/#\/schema\/person\/76d5c1515bb68c9afb40f7193dcbb436"},"headline":"Feria de septiembre en Murcia: tradici\u00f3n, cultura y diversi\u00f3n","datePublished":"2025-03-06T15:14:48+00:00","dateModified":"2025-10-30T10:23:30+00:00","mainEntityOfPage":{"@id":"https:\/\/taolis.com\/es\/feria-de-septiembre-en-murcia\/"},"wordCount":678,"image":{"@id":"https:\/\/taolis.com\/es\/feria-de-septiembre-en-murcia\/#primaryimage"},"thumbnailUrl":"https:\/\/taolis.com\/wp-content\/uploads\/2025\/03\/n12.webp","articleSection":["Estilo de vida","Murcia"],"inLanguage":"es"},{"@type":"WebPage","@id":"https:\/\/taolis.com\/es\/feria-de-septiembre-en-murcia\/","url":"https:\/\/taolis.com\/es\/feria-de-septiembre-en-murcia\/","name":"Feria de septiembre en Murcia: tradici\u00f3n, cultura y diversi\u00f3n","isPartOf":{"@id":"https:\/\/taolis.com\/es\/#website"},"primaryImageOfPage":{"@id":"https:\/\/taolis.com\/es\/feria-de-septiembre-en-murcia\/#primaryimage"},"image":{"@id":"https:\/\/taolis.com\/es\/feria-de-septiembre-en-murcia\/#primaryimage"},"thumbnailUrl":"https:\/\/taolis.com\/wp-content\/uploads\/2025\/03\/n12.webp","datePublished":"2025-03-06T15:14:48+00:00","dateModified":"2025-10-30T10:23:30+00:00","author":{"@id":"https:\/\/taolis.com\/es\/#\/schema\/person\/76d5c1515bb68c9afb40f7193dcbb436"},"description":"Descubre la Feria de septiembre en Murcia: tradici\u00f3n, cultura, gastronom\u00eda y diversi\u00f3n. Vive uno de los eventos lleno de historia, m\u00fasica y sabor.","breadcrumb":{"@id":"https:\/\/taolis.com\/es\/feria-de-septiembre-en-murcia\/#breadcrumb"},"inLanguage":"es","potentialAction":[{"@type":"ReadAction","target":["https:\/\/taolis.com\/es\/feria-de-septiembre-en-murcia\/"]}]},{"@type":"ImageObject","inLanguage":"es","@id":"https:\/\/taolis.com\/es\/feria-de-septiembre-en-murcia\/#primaryimage","url":"https:\/\/taolis.com\/wp-content\/uploads\/2025\/03\/n12.webp","contentUrl":"https:\/\/taolis.com\/wp-content\/uploads\/2025\/03\/n12.webp","width":1200,"height":840},{"@type":"BreadcrumbList","@id":"https:\/\/taolis.com\/es\/feria-de-septiembre-en-murcia\/#breadcrumb","itemListElement":[{"@type":"ListItem","position":1,"name":"Home","item":"https:\/\/taolis.com\/es\/"},{"@type":"ListItem","position":2,"name":"Feria de septiembre en Murcia: tradici\u00f3n, cultura y diversi\u00f3n"}]},{"@type":"WebSite","@id":"https:\/\/taolis.com\/es\/#website","url":"https:\/\/taolis.com\/es\/","name":"Altaona Resort. The Art of Living in Spain","description":"Altaona Sports &amp; Wellness Resort. Villas y otras propiedades de obra nueva en Murcia.","potentialAction":[{"@type":"SearchAction","target":{"@type":"EntryPoint","urlTemplate":"https:\/\/taolis.com\/es\/?s={search_term_string}"},"query-input":{"@type":"PropertyValueSpecification","valueRequired":true,"valueName":"search_term_string"}}],"inLanguage":"es"},{"@type":"Person","@id":"https:\/\/taolis.com\/es\/#\/schema\/person\/76d5c1515bb68c9afb40f7193dcbb436","name":"Juli\u00e1n","sameAs":["https:\/\/www.linkedin.com\/in\/julian-martinez-perez-7636841a\/"],"url":"https:\/\/taolis.com\/es\/author\/julian\/"}]}},"_links":{"self":[{"href":"https:\/\/taolis.com\/es\/wp-json\/wp\/v2\/posts\/13516","targetHints":{"allow":["GET"]}}],"collection":[{"href":"https:\/\/taolis.com\/es\/wp-json\/wp\/v2\/posts"}],"about":[{"href":"https:\/\/taolis.com\/es\/wp-json\/wp\/v2\/types\/post"}],"author":[{"embeddable":true,"href":"https:\/\/taolis.com\/es\/wp-json\/wp\/v2\/users\/3"}],"replies":[{"embeddable":true,"href":"https:\/\/taolis.com\/es\/wp-json\/wp\/v2\/comments?post=13516"}],"version-history":[{"count":0,"href":"https:\/\/taolis.com\/es\/wp-json\/wp\/v2\/posts\/13516\/revisions"}],"wp:featuredmedia":[{"embeddable":true,"href":"https:\/\/taolis.com\/es\/wp-json\/wp\/v2\/media\/4269"}],"wp:attachment":[{"href":"https:\/\/taolis.com\/es\/wp-json\/wp\/v2\/media?parent=13516"}],"wp:term":[{"taxonomy":"category","embeddable":true,"href":"https:\/\/taolis.com\/es\/wp-json\/wp\/v2\/categories?post=13516"},{"taxonomy":"post_tag","embeddable":true,"href":"https:\/\/taolis.com\/es\/wp-json\/wp\/v2\/tags?post=13516"}],"curies":[{"name":"wp","href":"https:\/\/api.w.org\/{rel}","templated":true}]}}